[{"@context":"https:\/\/schema.org\/","@type":"Article","@id":"https:\/\/www.oskrebul.cz\/objednejte-zidli-jeste-dnes\/#Article","mainEntityOfPage":"https:\/\/www.oskrebul.cz\/objednejte-zidli-jeste-dnes\/","headline":"Objednejte \u017eidli je\u0161t\u011b dnes","name":"Objednejte \u017eidli je\u0161t\u011b dnes","description":"Sv\u011bt jde kup\u0159edu a tak nen\u00ed divu, \u017ee ani takov\u00e9 v\u00fdrobky, jako je \u017eidle k po\u010d\u00edta\u010di, nez\u016fst\u00e1vaj\u00ed pozadu. Kladou se na n\u011b vysok\u00e9 po\u017eadavky a to jak z hlediska proveden\u00ed, tak samoz\u0159ejm\u011b funk\u010dnosti, proto\u017ee v nich str\u00e1v\u00edme v\u011bt\u0161inu sv\u00e9ho \u010dasu vzhledem k tomu, \u017ee administrativn\u00ed \u010dinnost dnes vykon\u00e1v\u00e1 naprosto ka\u017ed\u00fd a je jedno jestli z [&hellip;]","datePublished":"2025-04-24","dateModified":"2025-04-24","author":{"@type":"Person","@id":"https:\/\/www.oskrebul.cz\/author\/#Person","name":"","url":"https:\/\/www.oskrebul.cz\/author\/","identifier":1,"image":{"@type":"ImageObject","@id":"https:\/\/secure.gravatar.com\/avatar\/614460c3109f6ef46730ae87c5e2be623f574940fabcec1214dc0d8d5af688cf?s=96&d=mm&r=g","url":"https:\/\/secure.gravatar.com\/avatar\/614460c3109f6ef46730ae87c5e2be623f574940fabcec1214dc0d8d5af688cf?s=96&d=mm&r=g","height":96,"width":96}},"publisher":{"@type":"Organization","name":"oskrebul.cz","logo":{"@type":"ImageObject","@id":"\/logo.png","url":"\/logo.png","width":600,"height":60}},"url":"https:\/\/www.oskrebul.cz\/objednejte-zidli-jeste-dnes\/","wordCount":218,"articleBody":"Sv\u011bt jde kup\u0159edu a tak nen\u00ed divu, \u017ee ani takov\u00e9 v\u00fdrobky, jako je \u017eidle k po\u010d\u00edta\u010di, nez\u016fst\u00e1vaj\u00ed pozadu. Kladou se na n\u011b vysok\u00e9 po\u017eadavky a to jak z hlediska proveden\u00ed, tak samoz\u0159ejm\u011b funk\u010dnosti, proto\u017ee v nich str\u00e1v\u00edme v\u011bt\u0161inu sv\u00e9ho \u010dasu vzhledem k tomu, \u017ee administrativn\u00ed \u010dinnost dnes vykon\u00e1v\u00e1 naprosto ka\u017ed\u00fd a je jedno jestli z firmy nebo ze z\u00e1zem\u00ed sv\u00e9 dom\u00e1c\u00ed kancel\u00e1\u0159e.Pokud chcete \u017eidle k po\u010d\u00edta\u010di vyb\u00edrat podle cenov\u00fdch parametr\u016f, l\u00edbit se v\u00e1m bude n\u00e1\u0161 obchod, kde jsme je rozd\u011blili podle cenov\u00fdch relac\u00ed a je na v\u00e1s, jak\u00e1 v\u00e1m bude vyhovovat. V ka\u017ed\u00e9 sekci najdete mnoho typ\u016f, ze kter\u00fdch m\u016f\u017eete vyb\u00edrat.P\u0159esv\u011bd\u010dte se!Ov\u011b\u0159te si sami, \u017ee \u017eidle k po\u010d\u00edta\u010di jde koupit za dostupnou cenu a je\u0161t\u011b si budete vyb\u00edrat, proto\u017ee pro sam\u00e9 mno\u017estv\u00ed nebudete v\u011bd\u011bt, kterou si zvolit, ale p\u0159esv\u011bd\u010d\u00edte se tak\u00e9 o tom, \u017ee to nen\u00ed jen kus n\u00e1bytku, n\u00fdbr\u017e skute\u010dn\u00fd pomocn\u00edk od bolesti zad a des\u00e9nov\u00fd dopln\u011bk vhodn\u00fd do ka\u017ed\u00e9 kancel\u00e1\u0159e podle toho, jak\u00fd vkus preferujete.                                                                                                                                                                                                                                                                                                                                                                                                 "},{"@context":"https:\/\/schema.org\/","@type":"BreadcrumbList","itemListElement":[{"@type":"ListItem","position":1,"name":"Objednejte \u017eidli je\u0161t\u011b dnes","item":"https:\/\/www.oskrebul.cz\/objednejte-zidli-jeste-dnes\/#breadcrumbitem"}]}]